[{"@context":"https:\/\/schema.org\/","@type":"Article","@id":"https:\/\/www.onlinechlap.cz\/jak-vybrat-kravatu-a-dokonale-ji-sladit-s-oblekem-i-kosili\/#Article","mainEntityOfPage":"https:\/\/www.onlinechlap.cz\/jak-vybrat-kravatu-a-dokonale-ji-sladit-s-oblekem-i-kosili\/","headline":"Jak vybrat kravatu a dokonale ji sladit s oblekem i ko\u0161il\u00ed","name":"Jak vybrat kravatu a dokonale ji sladit s oblekem i ko\u0161il\u00ed","description":"I kdy\u017e do pr\u00e1ce nechod\u00edte v obleku, ka\u017ed\u00fd mu\u017e by ve sv\u00e9m \u0161atn\u00edku m\u011bl m\u00edt alespo\u0148 jeden oblek, ko\u0161ili i kravatu pro ur\u010dit\u00e9 zvl\u00e1\u0161tn\u00ed p\u0159\u00edle\u017eitosti. P\u0159i v\u00fdb\u011bru kravaty ale \u010dasto mu\u017ei chybuj\u00ed. Jak vyb\u00edrat kravatu a sladit ji nejen s ko\u0161il\u00ed ale i cel\u00fdm oblekem v\u00e1m porad\u00edme.&#13; &#13; Na barv\u011b z\u00e1le\u017e\u00ed &#13; Kravata by barevn\u011b ... <a title=\"Jak vybrat kravatu a dokonale ji sladit s oblekem i ko\u0161il\u00ed\" class=\"read-more\" href=\"https:\/\/www.onlinechlap.cz\/jak-vybrat-kravatu-a-dokonale-ji-sladit-s-oblekem-i-kosili\/\" aria-label=\"V\u00edce na Jak vybrat kravatu a dokonale ji sladit s oblekem i ko\u0161il\u00ed\">\u010c\u00edst d\u00e1l<\/a>","datePublished":"2019-11-03","dateModified":"2023-04-26","author":{"@type":"Person","@id":"https:\/\/www.onlinechlap.cz\/author\/#Person","name":"","url":"https:\/\/www.onlinechlap.cz\/author\/","identifier":1,"image":{"@type":"ImageObject","@id":"https:\/\/secure.gravatar.com\/avatar\/75e4d40f94885f01aa9441f03c1e175b?s=96&d=mm&r=g","url":"https:\/\/secure.gravatar.com\/avatar\/75e4d40f94885f01aa9441f03c1e175b?s=96&d=mm&r=g","height":96,"width":96}},"publisher":{"@type":"Organization","name":"onlinechlap.cz","logo":{"@type":"ImageObject","@id":"\/logo.png","url":"\/logo.png","width":600,"height":60}},"image":{"@type":"ImageObject","@id":"https:\/\/onlinechlap.cz\/wp-content\/uploads\/img_a370852_w3566_t1582538281.jpg","url":"https:\/\/onlinechlap.cz\/wp-content\/uploads\/img_a370852_w3566_t1582538281.jpg","height":"","width":""},"url":"https:\/\/www.onlinechlap.cz\/jak-vybrat-kravatu-a-dokonale-ji-sladit-s-oblekem-i-kosili\/","about":["M\u00f3da &amp; styl"],"wordCount":479,"articleBody":"I kdy\u017e do pr\u00e1ce nechod\u00edte v obleku, ka\u017ed\u00fd mu\u017e by ve sv\u00e9m \u0161atn\u00edku m\u011bl m\u00edt alespo\u0148 jeden oblek, ko\u0161ili i kravatu pro ur\u010dit\u00e9 zvl\u00e1\u0161tn\u00ed p\u0159\u00edle\u017eitosti. P\u0159i v\u00fdb\u011bru kravaty ale \u010dasto mu\u017ei chybuj\u00ed. Jak vyb\u00edrat kravatu a sladit ji nejen s ko\u0161il\u00ed ale i cel\u00fdm oblekem v\u00e1m porad\u00edme.&#13; &#13; Na barv\u011b z\u00e1le\u017e\u00ed&#13; Kravata by barevn\u011b m\u011bla ladit nejen se zvolenou ko\u0161il\u00ed a barvou cel\u00e9ho obleku ale m\u011bla by sv\u00e9mu nositeli tak\u00e9 ladit s barvou obli\u010deje a p\u0159edev\u0161\u00edm pak by m\u011bla j\u00edt k o\u010d\u00edm. Mu\u017e vypad\u00e1 v\u00edce d\u016fv\u011bryhodn\u011b, jestli\u017ee spr\u00e1vn\u011b zkombinuje svou kravatu s barvou sv\u00fdch o\u010d\u00ed. Pro pracovn\u00ed pohovor nebo na obchodn\u00ed sch\u016fzku by pak kravata m\u011bla m\u00edt modrou barvu. Jestli\u017ee pot\u0159ebujete p\u016fsobit sebev\u011bdom\u011b a mocn\u011b, s\u00e1hn\u011bte po \u010derven\u00fdch odst\u00ednech kravaty.&#13; Zat\u00edmco k pracovn\u00edm z\u00e1le\u017eitostem je pot\u0159eba vyb\u00edrat kravatu v tmav\u00fdch odst\u00ednech, pro spole\u010densk\u00e9 ud\u00e1losti se hod\u00ed kravata s v\u00fdrazn\u011bj\u0161\u00ed a syt\u011bj\u0161\u00ed barvou. Mu\u017e\u016fm s tmav\u00fdmi vlasy pak obecn\u011b sed\u00ed kravaty jasn\u011bj\u0161\u00edch barev a naopak sv\u011btlovlas\u00fdm typ\u016fm zase temn\u011bj\u0161\u00ed a ne tolik v\u00fdrazn\u00e9 barvy.&#13; Kravatu, kterou vyb\u00edr\u00e1te ke konkr\u00e9tn\u00ed ko\u0161ili, vyb\u00edrejte v\u017edy tak \u017ee ji p\u0159ehod\u00edte p\u0159es ruk\u00e1v a zhodnot\u00edte tak jejich odst\u00edny. M\u016f\u017eete zkusit i v\u00edce kravat najednou, jen tak posoud\u00edte, kter\u00e1 z nich bude vypadat nejl\u00e9pe. Pozor pak na ko\u0161ile se vzory. V\u017edy je jednodu\u0161\u00ed vybrat kravatu k jednobarevn\u00e9 ko\u0161ili, v p\u0159\u00edpad\u011b, \u017ee je ale va\u0161e ko\u0161ile vzorovan\u00e1, nem\u011blo by se p\u0159\u00edli\u0161 moc vzor\u016f objevovat i na v\u00e1zance, efekt by pak mohl p\u016fsobit p\u0159\u00edli\u0161 p\u0159ekombinovan\u011b.&#13; &#13; Jak dlouh\u00e1 by m\u011bla b\u00fdt&#13; \u010casto mu\u017ei chybuj\u00ed i v d\u00e9lce zvolen\u00e9 kravaty. Ta by nem\u011bla b\u00fdt ani p\u0159\u00edli\u0161 dlouh\u00e1 ani moc kr\u00e1tk\u00e1. Jak\u00e1 je tedy ide\u00e1ln\u00ed d\u00e9lka? V\u017edy je to nejlep\u0161\u00ed vyzkou\u0161et, uva\u017ete si zvolenou kravatu a zkontrolujte kam, a\u017e sah\u00e1. \u0160pi\u010dka kravaty dosahuje ke spon\u011b opasku, nep\u0159ekr\u00fdv\u00e1 ji, ale jen se j\u00ed dot\u00fdk\u00e1? Pak m\u00e1te zvolenou d\u00e9lku kravaty spr\u00e1vn\u011b. Podle velikosti v\u00fdst\u0159iku saka zase pozn\u00e1te, jak m\u00e1 b\u00fdt kravata spr\u00e1vn\u011b \u0161irok\u00e1. Pokud je v\u00fdst\u0159ih na saku \u0161irok\u00fd, m\u011bla by i kravata b\u00fdt \u0161ir\u0161\u00ed a zase naopak.&#13; &#13;                                                                                                                                                                                                                                                                                                                                                                                                                                                Jak bude reklama vypadat? -           Kup si reklamu pod t\u00edmto \u010dl\u00e1nkem jen za 50 K\u010d      Zobrazit formul\u00e1\u0159 pro n\u00e1kup                      Odkaz:                     N\u00e1zev:                     Popisek:                    Follow Nofollow                                                     "},{"@context":"https:\/\/schema.org\/","@type":"BreadcrumbList","itemListElement":[{"@type":"ListItem","position":1,"name":"Jak vybrat kravatu a dokonale ji sladit s oblekem i ko\u0161il\u00ed","item":"https:\/\/www.onlinechlap.cz\/jak-vybrat-kravatu-a-dokonale-ji-sladit-s-oblekem-i-kosili\/#breadcrumbitem"}]}]